{"provider_url": "https://www.unai.mg.leg.br", "title": "PELO DIREITO \u00c0 SA\u00daDE", "html": "<p>A C\u00e2mara Municipal de Una\u00ed realizou, nos dias 28 e 29 de setembro, dois semin\u00e1rios sobre os direitos das pessoas com defici\u00eancia. Os eventos foram realizados pela Escola do Legislativo da C\u00e2mara Municipal de Una\u00ed em parceria com a defensoria p\u00fablica do Estado de Minas Gerais.</p>\r\n<p>Na manh\u00e3 do dia 29, o tema foi DIREITO \u00c0 SA\u00daDE, CONCRETIZA\u00c7\u00c3O DA HABILITA\u00c7\u00c3O E REABILITA\u00c7\u00c3O DA PESSOA COM DEFICI\u00caNCIA.</p>\r\n<p>Estiveram presentes vereadores da C\u00e2mara Municipal de Una\u00ed e representantes da Defensoria P\u00fablica e de conselhos e associa\u00e7\u00f5es voltados para os direitos das pessoas com defici\u00eancia.</p>\r\n<p>Fizeram parte da mesa de debates: <b>Dr. Luiz Renato Braga \u00c1reas Pinheiro</b>\u00a0\u2013 Defensor P\u00fablico de Minas Gerias; a\u00a0<b>vereadora Dorinha Melga\u00e7o (UNI\u00c3O BRASIL)</b>,\u00a0presidente da Escola do Legislativo Escola do Legislativo Jos\u00e9 Adjuto Filho;<strong>\u00a0Kelen Cristina de Ara\u00fajo</strong>, psic\u00f3loga educacional;<b> Manuel Barbosa de Brito</b>\u00a0\u2013 Presidente da Associa\u00e7\u00e3o \u2013 APDU;<b> Dem\u00e9trio Ant\u00f4nio Ferreira Neto</b>\u00a0\u2013 Presidente do Conselho Municipal da Pessoa com Defici\u00eancia;\u00a0<b>Jos\u00e9 Juliano Esp\u00edndola</b>, diretor da Ger\u00eancia Regional de Sa\u00fade (GRS); <b>\u00c9rica Viviane Antunes Lima</b>, tamb\u00e9m da GRS; <b>Adriana Vinhal</b>, representando a Secretaria Municipal de Sa\u00fade de Una\u00ed; <b>Ruiter de Oliveira Resende</b>, da APAE de Una\u00ed; <b>Sandra de Olivera Campos</b>, Assessora de Direitos Sociais da AMA; <b>Dr. Gustavo Valadares</b>, presidente da 27\u00aa Subse\u00e7\u00e3o da OAB e; <b>Vereador Ti\u00e3o do Rodo</b>, da C\u00e2mara Municipal de Una\u00ed.</p>", "author_name": "", "version": "1.0", "author_url": "https://www.unai.mg.leg.br/author/danieldsc", "provider_name": "C\u00e2mara Municipal de Una\u00ed", "type": "rich"}