{"provider_url": "https://www.unai.mg.leg.br", "title": "PARLAMENTO JOVEM A TODO VAPOR", "html": "<p style=\"text-align: justify; \">A consci\u00eancia pol\u00edtica deve come\u00e7ar cedo. Quanto mais cedo, melhor. Por este motivo, a C\u00e2mara Municipal de Una\u00ed, atrav\u00e9s da Escola do Legislativo (ELegis) est\u00e1 participando do Projeto Parlamento Jovem de Minas, edi\u00e7\u00e3o de 2023. O tema debatido neste ano \u00e9: Jovem e o Mercado de Trabalho.</p>\r\n<p style=\"text-align: justify; \">E como parlamentar n\u00e3o tira f\u00e9rias, nossos jovens se reuniram no dia 11 de julho, para fazer os preparativos e receber instru\u00e7\u00f5es valiosas sobre as Plen\u00e1rias Municipal e Estadual. A reuni\u00e3o, presidida pelo servidor Luiz Claudio, diretor da ELegis, contou tamb\u00e9m com a presen\u00e7a do Secret\u00e1rio Geral da C\u00e2mara Municipal de Una\u00ed, Thiago Martins, que partilhou com eles sobre suas experi\u00eancias como vereador e assessor parlamentar. Luiz Cl\u00e1udio, por sua vez, fez quest\u00e3o de repassar, passo a passo com os alunos, as regras das plen\u00e1rias,</p>\r\n<p style=\"text-align: justify; \">A Plen\u00e1ria Municipal ser\u00e1 realizada em duas etapas, nos dias 13 de 14 de julho. Durante o evento, os vereadores da C\u00e2mara Municipal de Una\u00ed ir\u00e3o ceder seus lugares, para que a juventude assuma o protagonismo e possam debater e votar as propostas que concorrer\u00e3o com nossos munic\u00edpios vizinhos na Plen\u00e1ria Estadual (dia 4 de agosto de 2023).</p>\r\n<p style=\"text-align: justify; \">Mas o que s\u00e3o propostas?</p>\r\n<p style=\"text-align: justify; \">S\u00e3o sugest\u00f5es elaboradas pelos jovens, dentro do tema espec\u00edfico de cada ano, que ser\u00e3o apreciadas pelos alunos durante as plen\u00e1rias. As melhores propostas, v\u00e3o passando de etapa em etapa (municipal, regional e estadual) e podem chegar at\u00e9 a Assembleia Legislativa do Estado de Minas Gerais (ALMG) onde ser\u00e3o recebidas pela Comiss\u00e3o de Participa\u00e7\u00e3o Popular. L\u00e1, os deputados estaduais poder\u00e3o analisar e transformar as propostas em a\u00e7\u00f5es e at\u00e9 mesmo em projetos de lei.</p>\r\n<p style=\"text-align: justify; \">Siga-nos nas redes sociais</p>\r\n<p style=\"text-align: justify; \">\u00a0</p>\r\n<p style=\"text-align: justify; \">Transmiss\u00e3o ao vivo das reuni\u00f5es e grava\u00e7\u00f5es das reuni\u00f5es anteriores:</p>\r\n<p style=\"text-align: justify; \"><a href=\"https://www.youtube.com/user/LegislativoUnaiense\">https://www.youtube.com/user/LegislativoUnaiense</a></p>\r\n<p style=\"text-align: justify; \"><a href=\"https://edemocracia.unai.mg.leg.br/audiencias/\">https://edemocracia.unai.mg.leg.br/audiencias/</a></p>\r\n<p style=\"text-align: justify; \">\u00a0</p>\r\n<p style=\"text-align: justify; \">Instagram</p>\r\n<p style=\"text-align: justify; \"><a href=\"https://www.instagram.com/camaramunicipaldeunai/\">https://www.instagram.com/camaramunicipaldeunai/</a></p>\r\n<p style=\"text-align: justify; \">\u00a0</p>\r\n<p style=\"text-align: justify; \">Facebook</p>\r\n<p style=\"text-align: justify; \"><a href=\"https://www.facebook.com/camaramunicipaldeunai\">https://www.facebook.com/camaramunicipaldeunai</a></p>", "author_name": "", "version": "1.0", "author_url": "https://www.unai.mg.leg.br/author/danieldsc", "provider_name": "C\u00e2mara Municipal de Una\u00ed", "type": "rich"}