{"provider_url": "https://www.unai.mg.leg.br", "title": "INCLUS\u00c3O ESCOLAR, DA LEI \u00c0 PR\u00c1TICA. ", "html": "<p style=\"text-align: justify; \">Na manh\u00e3 de quinta-feira, dia 28 de setembro, a C\u00e2mara Municipal de Una\u00ed reuniu autoridades e representantes da sociedade para debater sobre a inclus\u00e3o da pessoa com defici\u00eancia no sistema escolar.</p>\r\n<p style=\"text-align: justify; \">A palestra ficou por conta do DR. LUIZ RENATO BRAGA \u00c1REAS PINHEIRO, Defensor P\u00fablico do Estado de Minas Gerias, Coordenador Estadual de Promo\u00e7\u00e3o e Defesa da Pessoa com Defici\u00eancia e Coordenador Geral da Rede de Prote\u00e7\u00e3o da Pessoa com Defici\u00eancia das Institui\u00e7\u00f5es do Sistema de Justi\u00e7a e Institui\u00e7\u00f5es P\u00fablicas do Estado de Minas Gerais.</p>\r\n<p style=\"text-align: justify; \">Dr. Luiz falou a todos sobre a import\u00e2ncia de se debater o tema, uma vez que a legisla\u00e7\u00e3o referente \u00e0 inclus\u00e3o da pessoa com defici\u00eancia ainda n\u00e3o est\u00e1 sendo efetivamente aplicada. Segundo ele, \u00e9 preciso unir for\u00e7as para vencer os desafios. Ele prop\u00f5e uma a\u00e7\u00e3o conjunta entre a defensoria p\u00fablica, as c\u00e2maras, prefeituras e a sociedade, na forma\u00e7\u00e3o de uma rede multidisciplinar em defesa da pessoa com defici\u00eancia.</p>\r\n<p style=\"text-align: justify; \">Da mesa de debates, participaram: <b>Dr. Luiz Renato Braga \u00c1reas Pinheiro</b> \u2013 Defensor P\u00fablico de Minas Gerias; a presidente da Escola do Legislativo Escola do Legislativo Jos\u00e9 Adjuto Filho, <b>vereadora Dorinha Melga\u00e7o (UNI\u00c3O BRASIL)</b>; <b>Aurora Pires de Carvalho</b> \u2013 Superintendente Regional de Ensino de Minas Gerais; <b>Dem\u00e9trio Ant\u00f4nio Ferreira Neto</b> \u2013 Presidente do Conselho Municipal da Pessoa com Defici\u00eancia; <b>Manuel Barbosa de Brito</b> \u2013 Presidente da Associa\u00e7\u00e3o \u2013 APDU; <b>Marli Rodrigues Xavier</b> \u2013 Diretora Pedag\u00f3gica da Escola de Educa\u00e7\u00e3o Especial Jo\u00e3o da Neca \u2013 Apae Una\u00ed (MG); <b>Keli Cristine Eug\u00eanio Souto</b>, da Unimontes; <b>Alberto Lucas Capanema</b>, diretor da FACTU; <b>Simone Oliveira Costa</b>, Coordenadora Pedag\u00f3gica do col\u00e9gio Atos; <b>Cl\u00e1udia Maria Barbosa dos Santos</b>, Assistente educacional da Associa\u00e7\u00e3o dos Amigos dos Autistas de Una\u00ed \u2013 AMA e; <b>Rom\u00e1rio Santana</b>, presidente do Conselho Municipal de Controle do FUNDEB e; <b>Jana\u00edla Carneiro de Freitas</b>, diretora educacional da Superintend\u00eancia Regional de Ensino.</p>\r\n<p style=\"text-align: justify; \">A reuni\u00e3o na \u00edntegra pode ser assistida pelo site: <a href=\"https://www.youtube.com/watch?v=4vs5wkRbsnI&amp;list=PL_ODheeXcFBhIEYBdCkznKJ8JKwG4j0YB\">https://www.youtube.com/watch?v=4vs5wkRbsnI&amp;list=PL_ODheeXcFBhIEYBdCkznKJ8JKwG4j0YB</a></p>\r\n<p style=\"text-align: justify; \">\u00a0</p>", "author_name": "", "version": "1.0", "author_url": "https://www.unai.mg.leg.br/author/danieldsc", "provider_name": "C\u00e2mara Municipal de Una\u00ed", "type": "rich"}