{"provider_url": "https://www.unai.mg.leg.br", "title": "A INCLUS\u00c3O ESCOLAR- DA LEI \u00c0 PR\u00c1TICA", "html": "<p>A C\u00e2mara Municipal de Una\u00ed atrav\u00e9s da Escola do Legislativo Jos\u00e9 Adjuto Filho, em parceria com a Defensoria P\u00fablica do Estado de Minas Gerais, convida a sociedade unaiense para participar do SEMIN\u00c1RIO SOBRE A INCLUS\u00c3O ESCOLAR- DA LEI \u00c0 PR\u00c1TICA. Contamos com sua presen\u00e7a para juntos valorizar a luta pela defesa dos direitos da pessoa com defici\u00eancia.</p>\r\n<p>\u00a0</p>\r\n<p>Dia: 28 de setembro de 2023</p>\r\n<p>Hor\u00e1rio: das 8hs \u00e0s 12hs</p>\r\n<p>Local: Plen\u00e1rio Vereador Ant\u00f4nio Pereira dos Santos</p>\r\n<p>Avenida Governador Valadares, 594 \u2013 Centro \u2013 Una\u00ed (MG)</p>\r\n<p>\u00a0</p>\r\n<p>PROGRAMA\u00c7\u00c3O:</p>\r\n<p>8hs \u2013 CREDENCIAMENTO</p>\r\n<p>8hs15min \u2013 CAF\u00c9 DA MANH\u00c3</p>\r\n<p>8h30min \u2013 ABERTURA</p>\r\n<p>9hs \u2013 PALESTRA: TEMA EDUCA\u00c7\u00c3O</p>\r\n<p>INCLUS\u00c3O ESCOLAR DA PESSOA COM DEFICI\u00caNCIA - DA LEI \u00c0 PR\u00c1TICA</p>\r\n<p>Palestrante: DR. LUIZ RENATO BRAGA \u00c1REAS PINHEIRO</p>\r\n<p>Defensor P\u00fablico do Estado de Minas Gerias, Coordenador Estadual de Promo\u00e7\u00e3o e Defesa da Pessoa com Defici\u00eancia e Coordenador Geral da Rede de Prote\u00e7\u00e3o da Pessoa com Defici\u00eancia das Institui\u00e7\u00f5es do Sistema de Justi\u00e7a e Institui\u00e7\u00f5es P\u00fablicas do Estado de Minas Gerais.</p>\r\n<p>10hs PERGUNTAS</p>\r\n<p>10h30min \u2013 PAINEL DE DEBATES</p>\r\n<p>COORDENADORA: Vereadora Dorinha Melga\u00e7o \u2013 Presidente da Escola do Legislativo Jos\u00e9 Adjuto Filho e Presidente da Comiss\u00e3o Permanente de Educa\u00e7\u00e3o, Sa\u00fade e Assist\u00eancia Social</p>\r\n<p>\u00a0</p>\r\n<p>DEBATEDORES:</p>\r\n<p>1 - Dr. Luiz Renato Braga \u00c1reas Pinheiro \u2013 Defensor P\u00fablico de Minas Gerias</p>\r\n<p>2 - Aurora Pires de Carvalho \u2013 Superintendente Regional de Ensino de Minas Gerais</p>\r\n<p>3 - Zeuman de Oliveira e Silva \u2013 Secret\u00e1rio Municipal de Educa\u00e7\u00e3o</p>\r\n<p>4 - Marli Rodrigues Xavier - Diretora Pedag\u00f3gica da Escola de Educa\u00e7\u00e3o\u00a0<span>Especial Jo\u00e3o da Neca = APAE</span></p>\r\n<p>5 - Representante das Escolas Particulares de Una\u00ed</p>\r\n<p>6 - Dem\u00e9trio Ant\u00f4nio Ferreira Neto \u2013 Presidente do Conselho Municipal</p>\r\n<p>da Pessoa com Defici\u00eancia</p>\r\n<p>7- Manuel Barbosa de Brito \u2013 Presidente da Associa\u00e7\u00e3o - APDU</p>\r\n<p>12hs \u2013 ENCERRAMENTO</p>", "author_name": "", "version": "1.0", "author_url": "https://www.unai.mg.leg.br/author/danieldsc", "provider_name": "C\u00e2mara Municipal de Una\u00ed", "type": "rich"}