{"provider_url": "https://www.unai.mg.leg.br", "title": "A educa\u00e7\u00e3o como ato de f\u00e9", "html": "<p style=\"text-align: justify; \"><b>Una\u00ed, 30 de abril de 2026</b> \u2014 A noite de 29 de abril de 2026 foi marcada por uma celebra\u00e7\u00e3o hist\u00f3rica na C\u00e2mara Municipal de Una\u00ed. O Plen\u00e1rio da Casa recebeu a <b>Reuni\u00e3o Solene</b> que comemorou os <b>80 anos da Escola Estadual Domingos Pinto Brochado</b>, uma das institui\u00e7\u00f5es educacionais mais tradicionais do munic\u00edpio.</p>\r\n<p style=\"text-align: justify; \">A solenidade foi realizada por meio de requerimento da <b>vereadora Ivanilza Borges (PL)</b>, Primeira Secret\u00e1ria da C\u00e2mara Municipal, que presidiu os trabalhos e deu as boas-vindas a todos os presentes.</p>\r\n<div align=\"center\" style=\"text-align: justify; \"><hr align=\"center\" noshade=\"noshade\" size=\"2\" width=\"100%\" /></div>\r\n<p style=\"text-align: justify; \"><b>Uma Trajet\u00f3ria de Oito D\u00e9cadas</b></p>\r\n<p style=\"text-align: justify; \">Em seu discurso de abertura, o mestre de cerim\u00f4nias destacou que a escola carrega em sua hist\u00f3ria a miss\u00e3o de \"iluminar mentes, formar cidad\u00e3os e tecer o tecido moral e intelectual da comunidade unaiense\".</p>\r\n<p style=\"text-align: justify; \">Fundada a partir das iniciativas do Capit\u00e3o Domingos Pinto Brochado, que em 1873 ergueu uma capela, uma casa de escola e um cemit\u00e9rio nas terras do antigo Capim Branco, a institui\u00e7\u00e3o completou <b>80 anos de exist\u00eancia</b> em 2026.</p>\r\n<p style=\"text-align: justify; \">De Grupo Escolar a institui\u00e7\u00e3o de excel\u00eancia, a Escola Estadual Domingos Pinto Brochado atende atualmente <b>755 alunos</b>, mantendo viva sua ess\u00eancia enquanto abra\u00e7a o futuro.</p>\r\n<div align=\"center\" style=\"text-align: justify; \"><hr align=\"center\" noshade=\"noshade\" size=\"2\" width=\"100%\" /></div>\r\n<p style=\"text-align: justify; \"><b>Composi\u00e7\u00e3o da Mesa de Honra</b></p>\r\n<p style=\"text-align: justify; \">Compuseram a Mesa de Honra da solenidade:</p>\r\n<ul style=\"text-align: justify; \">\r\n<li><b>Vereadora Ivanilza Borges (PL)</b> \u2014 Autora do requerimento e Primeira Secret\u00e1ria da C\u00e2mara Municipal</li>\r\n<li><b>Fernanda Tavares Mota Palma</b> \u2014 Diretora da EE Domingos Pinto Brochado</li>\r\n<li><b>Jana\u00edla Carneiro</b> \u2014 Assessora de Gabinete da SER, representando a Superintendente Regional de Ensino, Aurora Pires de Carvalho</li>\r\n<li><b>Karoliny M\u00e1ximo</b> \u2014 Primeira Dama de Una\u00ed</li>\r\n<li><b>Dirceia Morato</b> \u2014 Secret\u00e1ria Municipal de Educa\u00e7\u00e3o</li>\r\n</ul>\r\n<p style=\"text-align: justify; \">Ocuparam lugares de destaque nas bancadas:</p>\r\n<ul style=\"text-align: justify; \">\r\n<li><b>Jos\u00e9 Gomes Branquinho</b> \u2014 Ex-prefeito de Una\u00ed, e sua esposa Neuzani Branquinho</li>\r\n<li><b>Frei Geraldo da Abadia</b> \u2014 Ordem do Carmelo</li>\r\n<li><b>Dr. Romeu Gonzaga Neiva</b> \u2014 Desembargador do Tribunal de Justi\u00e7a do DF</li>\r\n<li><b>Luiz Cl\u00e1udio</b> \u2014 Diretor da Escola do Legislativo da C\u00e2mara Municipal de Una\u00ed</li>\r\n<li><b>Maria Laura Ribeiro da Silva Rodighero</b> \u2014 Ex-diretora da EE Domingos Pinto Brochado</li>\r\n</ul>\r\n<div align=\"center\" style=\"text-align: justify; \"><hr align=\"center\" noshade=\"noshade\" size=\"2\" width=\"100%\" /></div>\r\n<p style=\"text-align: justify; \"><b>Momentos Marcantes da Solenidade</b></p>\r\n<p style=\"text-align: justify; \">A cerim\u00f4nia teve in\u00edcio com a entrada das <b>bandeiras do Brasil e do Munic\u00edpio</b>, trazidas por alunos da EE Domingos Pinto Brochado, seguida da execu\u00e7\u00e3o do <b>Hino Nacional Brasileiro</b> e do <b>Hino Oficial do Munic\u00edpio de Una\u00ed</b>.</p>\r\n<p style=\"text-align: justify; \">Sob a prote\u00e7\u00e3o da Palavra eterna, <b>Frei Geraldo, da Ordem do Carmelo</b>, realizou a leitura b\u00edblica regimental, conduzindo um momento de reflex\u00e3o espiritual.</p>\r\n<p style=\"text-align: justify; \">O ponto alto da noite foi a <b>entrega de certificados de homenagem</b> a diversos segmentos que contribu\u00edram para a hist\u00f3ria da escola, seguidos do <b>descerramento da Placa Comemorativa</b> alusiva aos 80 anos da institui\u00e7\u00e3o.</p>\r\n<div align=\"center\" style=\"text-align: justify; \"><hr align=\"center\" noshade=\"noshade\" size=\"2\" width=\"100%\" /></div>\r\n<p style=\"text-align: justify; \"><b>Homenageados</b></p>\r\n<p style=\"text-align: justify; \">Receberam certificados de homenagem os seguintes segmentos:</p>\r\n<p style=\"text-align: justify; \"><b>Superintend\u00eancia Regional de Ensino:</b></p>\r\n<ul style=\"text-align: justify; \">\r\n<li>Aurora Pires de Carvalho</li>\r\n</ul>\r\n<p style=\"text-align: justify; \"><b>Ex-Diretores (por per\u00edodo de gest\u00e3o):</b></p>\r\n<ul style=\"text-align: justify; \">\r\n<li>Maria Torres Gon\u00e7alves (1952-1967)</li>\r\n<li>Maria do Ros\u00e1rio Borges Souto (1968-1979)</li>\r\n<li>Maria de Lourdes Brand\u00e3o (1974-1975)</li>\r\n<li>Julieta Josefa Rodrigues (1980-1983)</li>\r\n<li>Paulita Morato de Andrade (1981)</li>\r\n<li>Nanci \u00c1urea Fernandes (1981)</li>\r\n<li>Irany Andrade Lara (1982)</li>\r\n<li>Z\u00e9lia Martins Souto (1983-1985)</li>\r\n<li>Maria Laura Ribeiro (1987-1989)</li>\r\n<li>Maria Madalena Valad\u00e3o dos Santos (1989-1991)</li>\r\n<li>Vera L\u00facia de Lima e Gaia (1989-1991)</li>\r\n<li>Vanildes Menezes de Oliveira (1984 e 1993-2000)</li>\r\n<li>Maria Luzia Rodrigues Alves (1986-1987 e 2000-2007)</li>\r\n<li>Maria Helena Caroso de P\u00e1dua (2007-2015 e 2019-2021)</li>\r\n<li>Fernanda Tavares Mota Palma (2016-2019 e 2021-atual)</li>\r\n</ul>\r\n<p style=\"text-align: justify; \"><b>Vice-Diretores:</b></p>\r\n<ul style=\"text-align: justify; \">\r\n<li>Maria Concei\u00e7\u00e3o Ferreira e Silva</li>\r\n<li>Allana Dayene Vieira</li>\r\n<li>Juliana Alves Gonzaga Martins</li>\r\n</ul>\r\n<p style=\"text-align: justify; \"><b>Professores:</b></p>\r\n<ul style=\"text-align: justify; \">\r\n<li>Nair de Sousa Novais Pinto</li>\r\n<li>Honorina Martins Rodrigues</li>\r\n<li>Neuzani das Gra\u00e7as Soares Branquinho</li>\r\n<li>Ediva Martins Pimenta (EF - Anos Iniciais)</li>\r\n<li>Geralda Aparecida dos Reis Porf\u00edrio (Ensino M\u00e9dio)</li>\r\n<li>Jess\u00e9 Rodrigues dos Santos (EF - Anos Finais)</li>\r\n<li>Maria Lu\u00edza Conde Correia (EF - Anos Iniciais)</li>\r\n<li>Maria Silvana da Silva (Educa\u00e7\u00e3o Especial)</li>\r\n</ul>\r\n<p style=\"text-align: justify; \"><b>Alunos e Ex-Alunos:</b></p>\r\n<ul style=\"text-align: justify; \">\r\n<li>Romeu Gonzaga Neiva (Ex-aluno)</li>\r\n<li>Geraldo D'Abadia Pires Maciel (Ex-aluno)</li>\r\n<li>Luciano Paulo da Cruz (Ex-aluno)</li>\r\n<li>Sandro Il\u00eddio Coelho Oliveira (Ex-aluno)</li>\r\n<li>Paulo C\u00e9sar Sousa Dairel (Ex-aluno)</li>\r\n<li>Lav\u00ednia Aparecida Reis Freitas (Ex-aluna)</li>\r\n<li>Wesley Rodrigues Moreira (Ex-aluno)</li>\r\n<li>Maria Flor Pereira Maciel (2\u00ba Ano/EF)</li>\r\n<li>Hugo Mendes Neri (3\u00ba Ano/EF)</li>\r\n<li>Mois\u00e9s Rodrigues Sousa (5\u00ba Ano/EF)</li>\r\n<li>Sara Rodrigues Sousa (6\u00ba Ano/EF)</li>\r\n<li>Jo\u00e3o Victor Epif\u00e2nio de Azevedo (7\u00ba Ano/EF)</li>\r\n<li>Luiz Phellippe Monteiro da Silva (9\u00ba Ano/EF)</li>\r\n<li>Nycollas de Carvalho Cordeiro (2\u00ba Ano/EM)</li>\r\n<li>Lu\u00edza Lepesqueur Viana (3\u00ba Ano/EM)</li>\r\n</ul>\r\n<p style=\"text-align: justify; \"><b>Demais Segmentos:</b></p>\r\n<ul style=\"text-align: justify; \">\r\n<li><b>Especialista:</b> Marla Oliveira Gon\u00e7alves Carvalho</li>\r\n<li><b>Secret\u00e1ria Escolar:</b> Gislene Vieira da Silva</li>\r\n<li><b>Assistente T\u00e9cnico de Educa\u00e7\u00e3o B\u00e1sica (ATB):</b> Rosenilda de Avelar Nascimento</li>\r\n<li><b>Auxiliar de Servi\u00e7os de Educa\u00e7\u00e3o B\u00e1sica (ASB):</b> Maria Aparecida Pereira de Alvim</li>\r\n<li><b>Patrulha Escolar:</b> Vanderlei Pereira da Silva</li>\r\n<li><b>Pais:</b> Poliana Nunes da Silva (EF - Anos Iniciais), Angelina Ara\u00fajo da Costa (EF - Anos Finais), Patr\u00edcia Maria de Jesus Costa (Ensino M\u00e9dio)</li>\r\n</ul>\r\n<div align=\"center\" style=\"text-align: justify; \"><hr align=\"center\" noshade=\"noshade\" size=\"2\" width=\"100%\" /></div>\r\n<p style=\"text-align: justify; \"><b>Reconhecimento do Legislativo</b></p>\r\n<p style=\"text-align: justify; \">Ao final da solenidade, as autoridades que compuseram a mesa de honra proferiram discursos de agradecimento, refor\u00e7ando a import\u00e2ncia da escola para a forma\u00e7\u00e3o de gera\u00e7\u00f5es de unaienses.</p>\r\n<p style=\"text-align: justify; \">\u00a0</p>\r\n<p style=\"text-align: justify; \"><b>Assessoria de Comunica\u00e7\u00e3o e Cerimonial</b><br /> C\u00e2mara Municipal de Una\u00ed<br /> Av. Jos\u00e9 Luiz Adjuto, n\u00ba 117, Centro<br /> Telefone: (38) 3493-3260<br /> E-mail: <a href=\"mailto:camara@unai.mg.leg.br\">camara@unai.mg.leg.br</a><br /> Site: <a href=\"http://www.unai.mg.leg.br/\">www.unai.mg.leg.br</a></p>\r\n<p style=\"text-align: justify; \">\u00a0</p>", "author_name": "", "version": "1.0", "author_url": "https://www.unai.mg.leg.br/author/danieldsc", "provider_name": "C\u00e2mara Municipal de Una\u00ed", "type": "rich"}